{"id":9139,"date":"2023-10-16T12:03:06","date_gmt":"2023-10-16T11:03:06","guid":{"rendered":"https:\/\/festesdecatalunya.com\/exposicio-qui-mira-qui-de-julliette-murphy-a-macanet-de-cabrenys\/"},"modified":"2025-06-18T11:26:23","modified_gmt":"2025-06-18T10:26:23","slug":"exposicio-qui-mira-qui-de-julliette-murphy-a-macanet-de-cabrenys","status":"publish","type":"post","link":"https:\/\/festesdecatalunya.com\/es\/exposicio-qui-mira-qui-de-julliette-murphy-a-macanet-de-cabrenys\/","title":{"rendered":"Exposici\u00f3n Qui mira qui de Julliette Murphy a Ma\u00e7anet de Cabrenys"},"content":{"rendered":"<div class=\"fusion-fullwidth fullwidth-box fusion-builder-row-1 fusion-flex-container has-pattern-background has-mask-background nonhundred-percent-fullwidth non-hundred-percent-height-scrolling\" style=\"--awb-border-radius-top-left:0px;--awb-border-radius-top-right:0px;--awb-border-radius-bottom-right:0px;--awb-border-radius-bottom-left:0px;--awb-flex-wrap:wrap;\" ><div class=\"fusion-builder-row fusion-row fusion-flex-align-items-flex-start fusion-flex-content-wrap\" style=\"max-width:1248px;margin-left: calc(-4% \/ 2 );margin-right: calc(-4% \/ 2 );\"><div class=\"fusion-layout-column fusion_builder_column fusion-builder-column-0 fusion_builder_column_1_1 1_1 fusion-flex-column\" style=\"--awb-bg-size:cover;--awb-width-large:100%;--awb-margin-top-large:16px;--awb-spacing-right-large:1.92%;--awb-margin-bottom-large:16px;--awb-spacing-left-large:1.92%;--awb-width-medium:100%;--awb-order-medium:0;--awb-spacing-right-medium:1.92%;--awb-spacing-left-medium:1.92%;--awb-width-small:100%;--awb-order-small:0;--awb-spacing-right-small:1.92%;--awb-spacing-left-small:1.92%;\"><div class=\"fusion-column-wrapper fusion-column-has-shadow fusion-flex-justify-content-flex-start fusion-content-layout-column\"><div class=\"fusion-image-element \" style=\"--awb-caption-title-font-family:var(--h2_typography-font-family);--awb-caption-title-font-weight:var(--h2_typography-font-weight);--awb-caption-title-font-style:var(--h2_typography-font-style);--awb-caption-title-size:var(--h2_typography-font-size);--awb-caption-title-transform:var(--h2_typography-text-transform);--awb-caption-title-line-height:var(--h2_typography-line-height);--awb-caption-title-letter-spacing:var(--h2_typography-letter-spacing);\"><span class=\" fusion-imageframe imageframe-none imageframe-1 hover-type-none\" style=\"border-radius:12px;\"><img decoding=\"async\" width=\"630\" height=\"892\" alt=\"Cultura en viu a Catalunya.\" title=\"111987_cat_ESCALA_INF_630_892\" src=\"https:\/\/festesdecatalunya.com\/wp-content\/uploads\/2023\/10\/111987_cat_ESCALA_INF_630_892.png\" data-orig-src=\"https:\/\/festesdecatalunya.com\/wp-content\/uploads\/2023\/10\/111987_cat_ESCALA_INF_630_892.png\" class=\"lazyload img-responsive wp-image-9104\" srcset=\"data:image\/svg+xml,%3Csvg%20xmlns%3D%27http%3A%2F%2Fwww.w3.org%2F2000%2Fsvg%27%20width%3D%27630%27%20height%3D%27892%27%20viewBox%3D%270%200%20630%20892%27%3E%3Crect%20width%3D%27630%27%20height%3D%27892%27%20fill-opacity%3D%220%22%2F%3E%3C%2Fsvg%3E\" data-srcset=\"https:\/\/festesdecatalunya.com\/wp-content\/uploads\/2023\/10\/111987_cat_ESCALA_INF_630_892-200x283.png 200w, https:\/\/festesdecatalunya.com\/wp-content\/uploads\/2023\/10\/111987_cat_ESCALA_INF_630_892-400x566.png 400w, https:\/\/festesdecatalunya.com\/wp-content\/uploads\/2023\/10\/111987_cat_ESCALA_INF_630_892-600x850.png 600w, https:\/\/festesdecatalunya.com\/wp-content\/uploads\/2023\/10\/111987_cat_ESCALA_INF_630_892.png 630w\" data-sizes=\"auto\" data-orig-sizes=\"(max-width: 640px) 100vw, 630px\" \/><\/span><\/div><\/div><\/div><\/div><\/div>\n","protected":false},"excerpt":{"rendered":"<p>S\u00e1bados, domingos y festivos de 10 a 14 h y de 15 a 18 h.<\/p>\n","protected":false},"author":1,"featured_media":9104,"comment_status":"open","ping_status":"open","sticky":false,"template":"","format":"standard","meta":{"_acf_changed":false,"footnotes":""},"tags":[110,112,111],"agenda_category":[],"class_list":["post-9139","post","type-post","status-publish","format-standard","has-post-thumbnail","hentry","tag-interior-design-es","tag-local-insights-es","tag-sustainable-design-es"],"acf":[],"yoast_head":"<!-- This site is optimized with the Yoast SEO plugin v25.3 - https:\/\/yoast.com\/wordpress\/plugins\/seo\/ -->\n<title>Exposici\u00f3n Qui mira qui de Julliette Murphy a Ma\u00e7anet de Cabrenys - Festa Catalunya<\/title>\n<meta name=\"robots\" content=\"noindex, follow, max-snippet:-1, max-image-preview:large, max-video-preview:-1\" \/>\n<meta property=\"og:locale\" content=\"es_ES\" \/>\n<meta property=\"og:type\" content=\"article\" \/>\n<meta property=\"og:title\" content=\"Exposici\u00f3n Qui mira qui de Julliette Murphy a Ma\u00e7anet de Cabrenys - Festa Catalunya\" \/>\n<meta property=\"og:description\" content=\"S\u00e1bados, domingos y festivos de 10 a 14 h y de 15 a 18 h.\" \/>\n<meta property=\"og:url\" content=\"https:\/\/festesdecatalunya.com\/es\/exposicio-qui-mira-qui-de-julliette-murphy-a-macanet-de-cabrenys\/\" \/>\n<meta property=\"og:site_name\" content=\"Festa Catalunya\" \/>\n<meta property=\"article:published_time\" content=\"2023-10-16T11:03:06+00:00\" \/>\n<meta property=\"article:modified_time\" content=\"2025-06-18T10:26:23+00:00\" \/>\n<meta property=\"og:image\" content=\"https:\/\/festesdecatalunya.com\/wp-content\/uploads\/2023\/10\/111987_cat_ESCALA_INF_630_892.png\" \/>\n\t<meta property=\"og:image:width\" content=\"630\" \/>\n\t<meta property=\"og:image:height\" content=\"892\" \/>\n\t<meta property=\"og:image:type\" content=\"image\/png\" \/>\n<meta name=\"author\" content=\"admin\" \/>\n<meta name=\"twitter:card\" content=\"summary_large_image\" \/>\n<meta name=\"twitter:label1\" content=\"Escrito por\" \/>\n\t<meta name=\"twitter:data1\" content=\"admin\" \/>\n\t<meta name=\"twitter:label2\" content=\"Tiempo de lectura\" \/>\n\t<meta name=\"twitter:data2\" content=\"6 minutos\" \/>\n<script type=\"application\/ld+json\" class=\"yoast-schema-graph\">{\"@context\":\"https:\/\/schema.org\",\"@graph\":[{\"@type\":\"WebPage\",\"@id\":\"https:\/\/festesdecatalunya.com\/es\/exposicio-qui-mira-qui-de-julliette-murphy-a-macanet-de-cabrenys\/\",\"url\":\"https:\/\/festesdecatalunya.com\/es\/exposicio-qui-mira-qui-de-julliette-murphy-a-macanet-de-cabrenys\/\",\"name\":\"Exposici\u00f3n Qui mira qui de Julliette Murphy a Ma\u00e7anet de Cabrenys - Festa Catalunya\",\"isPartOf\":{\"@id\":\"https:\/\/festesdecatalunya.com\/#website\"},\"primaryImageOfPage\":{\"@id\":\"https:\/\/festesdecatalunya.com\/es\/exposicio-qui-mira-qui-de-julliette-murphy-a-macanet-de-cabrenys\/#primaryimage\"},\"image\":{\"@id\":\"https:\/\/festesdecatalunya.com\/es\/exposicio-qui-mira-qui-de-julliette-murphy-a-macanet-de-cabrenys\/#primaryimage\"},\"thumbnailUrl\":\"https:\/\/festesdecatalunya.com\/wp-content\/uploads\/2023\/10\/111987_cat_ESCALA_INF_630_892.png\",\"datePublished\":\"2023-10-16T11:03:06+00:00\",\"dateModified\":\"2025-06-18T10:26:23+00:00\",\"author\":{\"@id\":\"https:\/\/festesdecatalunya.com\/#\/schema\/person\/d957d5d8b9ffd8bd03aade6a3c37ffa6\"},\"breadcrumb\":{\"@id\":\"https:\/\/festesdecatalunya.com\/es\/exposicio-qui-mira-qui-de-julliette-murphy-a-macanet-de-cabrenys\/#breadcrumb\"},\"inLanguage\":\"es\",\"potentialAction\":[{\"@type\":\"ReadAction\",\"target\":[\"https:\/\/festesdecatalunya.com\/es\/exposicio-qui-mira-qui-de-julliette-murphy-a-macanet-de-cabrenys\/\"]}]},{\"@type\":\"ImageObject\",\"inLanguage\":\"es\",\"@id\":\"https:\/\/festesdecatalunya.com\/es\/exposicio-qui-mira-qui-de-julliette-murphy-a-macanet-de-cabrenys\/#primaryimage\",\"url\":\"https:\/\/festesdecatalunya.com\/wp-content\/uploads\/2023\/10\/111987_cat_ESCALA_INF_630_892.png\",\"contentUrl\":\"https:\/\/festesdecatalunya.com\/wp-content\/uploads\/2023\/10\/111987_cat_ESCALA_INF_630_892.png\",\"width\":630,\"height\":892,\"caption\":\"Cultura en viu a Catalunya.\"},{\"@type\":\"BreadcrumbList\",\"@id\":\"https:\/\/festesdecatalunya.com\/es\/exposicio-qui-mira-qui-de-julliette-murphy-a-macanet-de-cabrenys\/#breadcrumb\",\"itemListElement\":[{\"@type\":\"ListItem\",\"position\":1,\"name\":\"Inici\",\"item\":\"https:\/\/festesdecatalunya.com\/es\/\"},{\"@type\":\"ListItem\",\"position\":2,\"name\":\"Exposici\u00f3n Qui mira qui de Julliette Murphy a Ma\u00e7anet de Cabrenys\"}]},{\"@type\":\"WebSite\",\"@id\":\"https:\/\/festesdecatalunya.com\/#website\",\"url\":\"https:\/\/festesdecatalunya.com\/\",\"name\":\"Festa Catalunya\",\"description\":\"Fires, Festes Turisme i Agenda a Catalunya\",\"potentialAction\":[{\"@type\":\"SearchAction\",\"target\":{\"@type\":\"EntryPoint\",\"urlTemplate\":\"https:\/\/festesdecatalunya.com\/?s={search_term_string}\"},\"query-input\":{\"@type\":\"PropertyValueSpecification\",\"valueRequired\":true,\"valueName\":\"search_term_string\"}}],\"inLanguage\":\"es\"},{\"@type\":\"Person\",\"@id\":\"https:\/\/festesdecatalunya.com\/#\/schema\/person\/d957d5d8b9ffd8bd03aade6a3c37ffa6\",\"name\":\"admin\",\"image\":{\"@type\":\"ImageObject\",\"inLanguage\":\"es\",\"@id\":\"https:\/\/festesdecatalunya.com\/#\/schema\/person\/image\/\",\"url\":\"https:\/\/secure.gravatar.com\/avatar\/3d8771e958295f415804336505f0c6faebfe16c066754f8f90e0b5a1023ffc77?s=96&d=mm&r=g\",\"contentUrl\":\"https:\/\/secure.gravatar.com\/avatar\/3d8771e958295f415804336505f0c6faebfe16c066754f8f90e0b5a1023ffc77?s=96&d=mm&r=g\",\"caption\":\"admin\"},\"sameAs\":[\"https:\/\/festesdecatalunya.com\"],\"url\":\"https:\/\/festesdecatalunya.com\/es\/author\/angel_k0hlwyp5\/\"}]}<\/script>\n<!-- \/ Yoast SEO plugin. -->","yoast_head_json":{"title":"Exposici\u00f3n Qui mira qui de Julliette Murphy a Ma\u00e7anet de Cabrenys - Festa Catalunya","robots":{"index":"noindex","follow":"follow","max-snippet":"max-snippet:-1","max-image-preview":"max-image-preview:large","max-video-preview":"max-video-preview:-1"},"og_locale":"es_ES","og_type":"article","og_title":"Exposici\u00f3n Qui mira qui de Julliette Murphy a Ma\u00e7anet de Cabrenys - Festa Catalunya","og_description":"S\u00e1bados, domingos y festivos de 10 a 14 h y de 15 a 18 h.","og_url":"https:\/\/festesdecatalunya.com\/es\/exposicio-qui-mira-qui-de-julliette-murphy-a-macanet-de-cabrenys\/","og_site_name":"Festa Catalunya","article_published_time":"2023-10-16T11:03:06+00:00","article_modified_time":"2025-06-18T10:26:23+00:00","og_image":[{"width":630,"height":892,"url":"https:\/\/festesdecatalunya.com\/wp-content\/uploads\/2023\/10\/111987_cat_ESCALA_INF_630_892.png","type":"image\/png"}],"author":"admin","twitter_card":"summary_large_image","twitter_misc":{"Escrito por":"admin","Tiempo de lectura":"6 minutos"},"schema":{"@context":"https:\/\/schema.org","@graph":[{"@type":"WebPage","@id":"https:\/\/festesdecatalunya.com\/es\/exposicio-qui-mira-qui-de-julliette-murphy-a-macanet-de-cabrenys\/","url":"https:\/\/festesdecatalunya.com\/es\/exposicio-qui-mira-qui-de-julliette-murphy-a-macanet-de-cabrenys\/","name":"Exposici\u00f3n Qui mira qui de Julliette Murphy a Ma\u00e7anet de Cabrenys - Festa Catalunya","isPartOf":{"@id":"https:\/\/festesdecatalunya.com\/#website"},"primaryImageOfPage":{"@id":"https:\/\/festesdecatalunya.com\/es\/exposicio-qui-mira-qui-de-julliette-murphy-a-macanet-de-cabrenys\/#primaryimage"},"image":{"@id":"https:\/\/festesdecatalunya.com\/es\/exposicio-qui-mira-qui-de-julliette-murphy-a-macanet-de-cabrenys\/#primaryimage"},"thumbnailUrl":"https:\/\/festesdecatalunya.com\/wp-content\/uploads\/2023\/10\/111987_cat_ESCALA_INF_630_892.png","datePublished":"2023-10-16T11:03:06+00:00","dateModified":"2025-06-18T10:26:23+00:00","author":{"@id":"https:\/\/festesdecatalunya.com\/#\/schema\/person\/d957d5d8b9ffd8bd03aade6a3c37ffa6"},"breadcrumb":{"@id":"https:\/\/festesdecatalunya.com\/es\/exposicio-qui-mira-qui-de-julliette-murphy-a-macanet-de-cabrenys\/#breadcrumb"},"inLanguage":"es","potentialAction":[{"@type":"ReadAction","target":["https:\/\/festesdecatalunya.com\/es\/exposicio-qui-mira-qui-de-julliette-murphy-a-macanet-de-cabrenys\/"]}]},{"@type":"ImageObject","inLanguage":"es","@id":"https:\/\/festesdecatalunya.com\/es\/exposicio-qui-mira-qui-de-julliette-murphy-a-macanet-de-cabrenys\/#primaryimage","url":"https:\/\/festesdecatalunya.com\/wp-content\/uploads\/2023\/10\/111987_cat_ESCALA_INF_630_892.png","contentUrl":"https:\/\/festesdecatalunya.com\/wp-content\/uploads\/2023\/10\/111987_cat_ESCALA_INF_630_892.png","width":630,"height":892,"caption":"Cultura en viu a Catalunya."},{"@type":"BreadcrumbList","@id":"https:\/\/festesdecatalunya.com\/es\/exposicio-qui-mira-qui-de-julliette-murphy-a-macanet-de-cabrenys\/#breadcrumb","itemListElement":[{"@type":"ListItem","position":1,"name":"Inici","item":"https:\/\/festesdecatalunya.com\/es\/"},{"@type":"ListItem","position":2,"name":"Exposici\u00f3n Qui mira qui de Julliette Murphy a Ma\u00e7anet de Cabrenys"}]},{"@type":"WebSite","@id":"https:\/\/festesdecatalunya.com\/#website","url":"https:\/\/festesdecatalunya.com\/","name":"Festa Catalunya","description":"Fires, Festes Turisme i Agenda a Catalunya","potentialAction":[{"@type":"SearchAction","target":{"@type":"EntryPoint","urlTemplate":"https:\/\/festesdecatalunya.com\/?s={search_term_string}"},"query-input":{"@type":"PropertyValueSpecification","valueRequired":true,"valueName":"search_term_string"}}],"inLanguage":"es"},{"@type":"Person","@id":"https:\/\/festesdecatalunya.com\/#\/schema\/person\/d957d5d8b9ffd8bd03aade6a3c37ffa6","name":"admin","image":{"@type":"ImageObject","inLanguage":"es","@id":"https:\/\/festesdecatalunya.com\/#\/schema\/person\/image\/","url":"https:\/\/secure.gravatar.com\/avatar\/3d8771e958295f415804336505f0c6faebfe16c066754f8f90e0b5a1023ffc77?s=96&d=mm&r=g","contentUrl":"https:\/\/secure.gravatar.com\/avatar\/3d8771e958295f415804336505f0c6faebfe16c066754f8f90e0b5a1023ffc77?s=96&d=mm&r=g","caption":"admin"},"sameAs":["https:\/\/festesdecatalunya.com"],"url":"https:\/\/festesdecatalunya.com\/es\/author\/angel_k0hlwyp5\/"}]}},"_links":{"self":[{"href":"https:\/\/festesdecatalunya.com\/es\/wp-json\/wp\/v2\/posts\/9139","targetHints":{"allow":["GET"]}}],"collection":[{"href":"https:\/\/festesdecatalunya.com\/es\/wp-json\/wp\/v2\/posts"}],"about":[{"href":"https:\/\/festesdecatalunya.com\/es\/wp-json\/wp\/v2\/types\/post"}],"author":[{"embeddable":true,"href":"https:\/\/festesdecatalunya.com\/es\/wp-json\/wp\/v2\/users\/1"}],"replies":[{"embeddable":true,"href":"https:\/\/festesdecatalunya.com\/es\/wp-json\/wp\/v2\/comments?post=9139"}],"version-history":[{"count":4,"href":"https:\/\/festesdecatalunya.com\/es\/wp-json\/wp\/v2\/posts\/9139\/revisions"}],"predecessor-version":[{"id":9147,"href":"https:\/\/festesdecatalunya.com\/es\/wp-json\/wp\/v2\/posts\/9139\/revisions\/9147"}],"wp:featuredmedia":[{"embeddable":true,"href":"https:\/\/festesdecatalunya.com\/es\/wp-json\/wp\/v2\/media\/9104"}],"wp:attachment":[{"href":"https:\/\/festesdecatalunya.com\/es\/wp-json\/wp\/v2\/media?parent=9139"}],"wp:term":[{"taxonomy":"post_tag","embeddable":true,"href":"https:\/\/festesdecatalunya.com\/es\/wp-json\/wp\/v2\/tags?post=9139"},{"taxonomy":"agenda_category","embeddable":true,"href":"https:\/\/festesdecatalunya.com\/es\/wp-json\/wp\/v2\/agenda_category?post=9139"}],"curies":[{"name":"wp","href":"https:\/\/api.w.org\/{rel}","templated":true}]}}