{"id":9133,"date":"2023-10-16T12:06:13","date_gmt":"2023-10-16T11:06:13","guid":{"rendered":"https:\/\/festesdecatalunya.com\/?p=9133"},"modified":"2025-06-18T11:09:58","modified_gmt":"2025-06-18T10:09:58","slug":"primavera-en-familia-en-olot","status":"publish","type":"post","link":"https:\/\/festesdecatalunya.com\/es\/primavera-en-familia-en-olot\/","title":{"rendered":"Primavera en fam\u00edlia en Olot"},"content":{"rendered":"<div class=\"fusion-fullwidth fullwidth-box fusion-builder-row-1 fusion-flex-container has-pattern-background has-mask-background nonhundred-percent-fullwidth non-hundred-percent-height-scrolling\" style=\"--awb-border-radius-top-left:0px;--awb-border-radius-top-right:0px;--awb-border-radius-bottom-right:0px;--awb-border-radius-bottom-left:0px;--awb-flex-wrap:wrap;\" ><div class=\"fusion-builder-row fusion-row fusion-flex-align-items-flex-start fusion-flex-content-wrap\" style=\"max-width:1248px;margin-left: calc(-4% \/ 2 );margin-right: calc(-4% \/ 2 );\"><div class=\"fusion-layout-column fusion_builder_column fusion-builder-column-0 fusion_builder_column_1_1 1_1 fusion-flex-column\" style=\"--awb-bg-size:cover;--awb-width-large:100%;--awb-margin-top-large:16px;--awb-spacing-right-large:1.92%;--awb-margin-bottom-large:16px;--awb-spacing-left-large:1.92%;--awb-width-medium:100%;--awb-order-medium:0;--awb-spacing-right-medium:1.92%;--awb-spacing-left-medium:1.92%;--awb-width-small:100%;--awb-order-small:0;--awb-spacing-right-small:1.92%;--awb-spacing-left-small:1.92%;\"><div class=\"fusion-column-wrapper fusion-column-has-shadow fusion-flex-justify-content-flex-start fusion-content-layout-column\"><div class=\"fusion-text fusion-text-1\"><p><strong><span>\u00a1Del 22 de marzo hasta finales de junio, un mont\u00f3n de actividades para pasarlo bien en familia!<\/span><\/strong><\/p>\n<p><strong><span>En Olot, la primavera es s\u00edmbolo de celebraciones, familia, alegr\u00eda y diversi\u00f3n.<\/span><\/strong><br \/><span>Y, este a\u00f1o, la ciudad le da la bienvenida con una programaci\u00f3n llena de festivales, mercados, visitas guiadas, exposiciones, danza, propuestas comerciales y \u00a1muchas cosas m\u00e1s! \u00a1Llega una\u00a0\u00a0<\/span><strong><span>primavera<\/span><\/strong><span>\u00a0\u00a0que le har\u00e1 aflorar los sentidos y disfrutar\u00a0\u00a0<\/span><strong><span>de un mont\u00f3n de propuestas que le ofrece la ciudad!\u00a0<\/span><\/strong><\/p>\n<p><strong><span>\u00bfCu\u00e1les son las actividades familiares destacadas de la Primavera en Olot de este a\u00f1o?<\/span><\/strong><br \/><span>De la programaci\u00f3n de este a\u00f1o destaca el Sismodansa los d\u00edas 29 y 30 de abril (aparte del festival Sism\u00f3grafo); la Feria del 1 de mayo, las actividades del Robolot, la Ruta de las Tapas y los esperados festivales Cornamusam y de senderismo de la Garrotxa, la semana del comercio y la festividad de Corpus.<\/span><\/p>\n<p><strong><span>Primavera en Olot<\/span><\/strong><span>\u00a0\u00a0es una campa\u00f1a de promoci\u00f3n que naci\u00f3 en 2014, gracias a la suma de esfuerzos entre las instituciones, entidades, asociaciones y empresas que hacen posible una programaci\u00f3n de m\u00e1s de un centenar de actividades diversas para realizar en familia.<\/span><\/p>\n<p><span>Disfruta de todas las actividades de la ciudad y ap\u00fantate las fechas. \u00a1No te lo pierdas!<\/span><\/p>\n<p><strong><span>Del 7 al 30 de abril<\/span><br \/><span>LIBROS N\u00d3MADAS<\/span><\/strong><\/p>\n<p>\u00a0<\/p>\n<p><strong><span>Del 24 al 27 de abril<\/span><br \/><span>FESTIVAL DE DANZA SISM\u00d3GRAFE<\/span><\/strong><br \/><a href=\"http:\/\/sismografolot.cat\/\"><strong><span>+ info<\/span><\/strong><\/a><\/p>\n<p><strong><span>28-30 de abril<\/span><br \/><span>SISMODANSA<\/span><br \/><a href=\"http:\/\/sismografolot.cat\/\"><span>+ info<\/span><\/a><\/strong><\/p>\n<p><strong><span>1 de mayo<\/span><br \/><span>FERIA DEL 1 DE MAYO<\/span><br \/><a href=\"https:\/\/www.descobreixolot.cat\/fira-de-la-primavera-a-olot-1-de-maig\/\"><span>+ info<\/span><\/a><\/strong><\/p>\n<p><strong><span>9 y 10 de mayo<\/span><br \/><span>ROBOLOT<\/span><br \/><a href=\"https:\/\/www.robolot.online\/\"><span>+ info<\/span><\/a><\/p>\n<p><span>Del 9 al 31 de mayo<\/span><br \/><span>RUTA DE LAS TAPAS<\/span><br \/><a href=\"https:\/\/garrotxahostalatge.cat\/ca\/ruta-de-les-tapes-dolot\"><span>+ info<\/span><\/a><\/strong><\/p>\n<p>\u00a0<\/p>\n<p><strong><span>Del 23 al 25 de mayo<\/span><br \/><span>FESTIVAL DE SENDERISMO EN LA GARROTXA<\/span><\/strong><br \/><strong><a href=\"http:\/\/garrotxavolcanicwalking.cat\/\"><span>+ info<\/span><\/a><\/strong><\/p>\n<p><strong><span>Del 29 de mayo al 1 de junio<\/span><br \/><span>FESTIVAL CORNAMUSAM<\/span><br \/><a href=\"https:\/\/www.elsostingut.cat\/cornamusam\"><span>+ info<\/span><\/a><\/strong><\/p>\n<p><strong><span>Del 9 al 14 de junio<\/span><br \/><span>SEMANA DEL COMERCIO<\/span><br \/><a href=\"https:\/\/www.descobreixolot.cat\/festival-nomad-olot\/\"><span>+ info<\/span><\/a><\/p>\n<p><span>21 y 22 de junio<\/span><br \/><span>FIESTA DE CORPUS<\/span><br \/><a href=\"https:\/\/www.descobreixolot.cat\/festival-nomad-olot\/\"><span>+ info<\/span><\/a><\/strong><\/p>\n<p><span>&#8230; y recuerda que en el Museo de la Garrotxa y en el Museo de los Santos encontrar\u00e1 actividades para ni\u00f1os de todas las edades!<\/span><\/p>\n<p><a href=\"https:\/\/www.descobreixolot.cat\/primavera-a-olot?fbclid=IwAR0c14CjLqid7DRq9rMnZlztWQlmsBsJa9YZSK9YATyS5cTVP2Mn2woPU1k\"><strong><span>PARA M\u00c1S INFORMACI\u00d3N (enlace)<\/span><\/strong><\/a><\/p>\n<\/div><\/div><\/div><\/div><\/div>\n","protected":false},"excerpt":{"rendered":"","protected":false},"author":1,"featured_media":9098,"comment_status":"open","ping_status":"open","sticky":false,"template":"","format":"standard","meta":{"_acf_changed":false,"footnotes":""},"tags":[],"agenda_category":[],"class_list":["post-9133","post","type-post","status-publish","format-standard","has-post-thumbnail","hentry"],"acf":[],"yoast_head":"<!-- This site is optimized with the Yoast SEO plugin v25.3 - https:\/\/yoast.com\/wordpress\/plugins\/seo\/ -->\n<title>Primavera en fam\u00edlia en Olot - Festa Catalunya<\/title>\n<meta name=\"robots\" content=\"noindex, follow, max-snippet:-1, max-image-preview:large, max-video-preview:-1\" \/>\n<meta property=\"og:locale\" content=\"es_ES\" \/>\n<meta property=\"og:type\" content=\"article\" \/>\n<meta property=\"og:title\" content=\"Primavera en fam\u00edlia en Olot - Festa Catalunya\" \/>\n<meta property=\"og:url\" content=\"https:\/\/festesdecatalunya.com\/es\/primavera-en-familia-en-olot\/\" \/>\n<meta property=\"og:site_name\" content=\"Festa Catalunya\" \/>\n<meta property=\"article:published_time\" content=\"2023-10-16T11:06:13+00:00\" \/>\n<meta property=\"article:modified_time\" content=\"2025-06-18T10:09:58+00:00\" \/>\n<meta property=\"og:image\" content=\"https:\/\/festesdecatalunya.com\/wp-content\/uploads\/2023\/10\/110630_cat_ESCALA_INF_630_156.png\" \/>\n\t<meta property=\"og:image:width\" content=\"630\" \/>\n\t<meta property=\"og:image:height\" content=\"156\" \/>\n\t<meta property=\"og:image:type\" content=\"image\/png\" \/>\n<meta name=\"author\" content=\"admin\" \/>\n<meta name=\"twitter:card\" content=\"summary_large_image\" \/>\n<meta name=\"twitter:label1\" content=\"Escrito por\" \/>\n\t<meta name=\"twitter:data1\" content=\"admin\" \/>\n\t<meta name=\"twitter:label2\" content=\"Tiempo de lectura\" \/>\n\t<meta name=\"twitter:data2\" content=\"7 minutos\" \/>\n<script type=\"application\/ld+json\" class=\"yoast-schema-graph\">{\"@context\":\"https:\/\/schema.org\",\"@graph\":[{\"@type\":\"WebPage\",\"@id\":\"https:\/\/festesdecatalunya.com\/es\/primavera-en-familia-en-olot\/\",\"url\":\"https:\/\/festesdecatalunya.com\/es\/primavera-en-familia-en-olot\/\",\"name\":\"Primavera en fam\u00edlia en Olot - Festa Catalunya\",\"isPartOf\":{\"@id\":\"https:\/\/festesdecatalunya.com\/#website\"},\"primaryImageOfPage\":{\"@id\":\"https:\/\/festesdecatalunya.com\/es\/primavera-en-familia-en-olot\/#primaryimage\"},\"image\":{\"@id\":\"https:\/\/festesdecatalunya.com\/es\/primavera-en-familia-en-olot\/#primaryimage\"},\"thumbnailUrl\":\"https:\/\/festesdecatalunya.com\/wp-content\/uploads\/2023\/10\/110630_cat_ESCALA_INF_630_156.png\",\"datePublished\":\"2023-10-16T11:06:13+00:00\",\"dateModified\":\"2025-06-18T10:09:58+00:00\",\"author\":{\"@id\":\"https:\/\/festesdecatalunya.com\/#\/schema\/person\/d957d5d8b9ffd8bd03aade6a3c37ffa6\"},\"breadcrumb\":{\"@id\":\"https:\/\/festesdecatalunya.com\/es\/primavera-en-familia-en-olot\/#breadcrumb\"},\"inLanguage\":\"es\",\"potentialAction\":[{\"@type\":\"ReadAction\",\"target\":[\"https:\/\/festesdecatalunya.com\/es\/primavera-en-familia-en-olot\/\"]}]},{\"@type\":\"ImageObject\",\"inLanguage\":\"es\",\"@id\":\"https:\/\/festesdecatalunya.com\/es\/primavera-en-familia-en-olot\/#primaryimage\",\"url\":\"https:\/\/festesdecatalunya.com\/wp-content\/uploads\/2023\/10\/110630_cat_ESCALA_INF_630_156.png\",\"contentUrl\":\"https:\/\/festesdecatalunya.com\/wp-content\/uploads\/2023\/10\/110630_cat_ESCALA_INF_630_156.png\",\"width\":630,\"height\":156,\"caption\":\"Agenda de fires i festes per a gaudir en fam\u00edlia.\"},{\"@type\":\"BreadcrumbList\",\"@id\":\"https:\/\/festesdecatalunya.com\/es\/primavera-en-familia-en-olot\/#breadcrumb\",\"itemListElement\":[{\"@type\":\"ListItem\",\"position\":1,\"name\":\"Inici\",\"item\":\"https:\/\/festesdecatalunya.com\/es\/\"},{\"@type\":\"ListItem\",\"position\":2,\"name\":\"Primavera en fam\u00edlia en Olot\"}]},{\"@type\":\"WebSite\",\"@id\":\"https:\/\/festesdecatalunya.com\/#website\",\"url\":\"https:\/\/festesdecatalunya.com\/\",\"name\":\"Festa Catalunya\",\"description\":\"Fires, Festes Turisme i Agenda a Catalunya\",\"potentialAction\":[{\"@type\":\"SearchAction\",\"target\":{\"@type\":\"EntryPoint\",\"urlTemplate\":\"https:\/\/festesdecatalunya.com\/?s={search_term_string}\"},\"query-input\":{\"@type\":\"PropertyValueSpecification\",\"valueRequired\":true,\"valueName\":\"search_term_string\"}}],\"inLanguage\":\"es\"},{\"@type\":\"Person\",\"@id\":\"https:\/\/festesdecatalunya.com\/#\/schema\/person\/d957d5d8b9ffd8bd03aade6a3c37ffa6\",\"name\":\"admin\",\"image\":{\"@type\":\"ImageObject\",\"inLanguage\":\"es\",\"@id\":\"https:\/\/festesdecatalunya.com\/#\/schema\/person\/image\/\",\"url\":\"https:\/\/secure.gravatar.com\/avatar\/3d8771e958295f415804336505f0c6faebfe16c066754f8f90e0b5a1023ffc77?s=96&d=mm&r=g\",\"contentUrl\":\"https:\/\/secure.gravatar.com\/avatar\/3d8771e958295f415804336505f0c6faebfe16c066754f8f90e0b5a1023ffc77?s=96&d=mm&r=g\",\"caption\":\"admin\"},\"sameAs\":[\"https:\/\/festesdecatalunya.com\"],\"url\":\"https:\/\/festesdecatalunya.com\/es\/author\/angel_k0hlwyp5\/\"}]}<\/script>\n<!-- \/ Yoast SEO plugin. -->","yoast_head_json":{"title":"Primavera en fam\u00edlia en Olot - Festa Catalunya","robots":{"index":"noindex","follow":"follow","max-snippet":"max-snippet:-1","max-image-preview":"max-image-preview:large","max-video-preview":"max-video-preview:-1"},"og_locale":"es_ES","og_type":"article","og_title":"Primavera en fam\u00edlia en Olot - Festa Catalunya","og_url":"https:\/\/festesdecatalunya.com\/es\/primavera-en-familia-en-olot\/","og_site_name":"Festa Catalunya","article_published_time":"2023-10-16T11:06:13+00:00","article_modified_time":"2025-06-18T10:09:58+00:00","og_image":[{"width":630,"height":156,"url":"https:\/\/festesdecatalunya.com\/wp-content\/uploads\/2023\/10\/110630_cat_ESCALA_INF_630_156.png","type":"image\/png"}],"author":"admin","twitter_card":"summary_large_image","twitter_misc":{"Escrito por":"admin","Tiempo de lectura":"7 minutos"},"schema":{"@context":"https:\/\/schema.org","@graph":[{"@type":"WebPage","@id":"https:\/\/festesdecatalunya.com\/es\/primavera-en-familia-en-olot\/","url":"https:\/\/festesdecatalunya.com\/es\/primavera-en-familia-en-olot\/","name":"Primavera en fam\u00edlia en Olot - Festa Catalunya","isPartOf":{"@id":"https:\/\/festesdecatalunya.com\/#website"},"primaryImageOfPage":{"@id":"https:\/\/festesdecatalunya.com\/es\/primavera-en-familia-en-olot\/#primaryimage"},"image":{"@id":"https:\/\/festesdecatalunya.com\/es\/primavera-en-familia-en-olot\/#primaryimage"},"thumbnailUrl":"https:\/\/festesdecatalunya.com\/wp-content\/uploads\/2023\/10\/110630_cat_ESCALA_INF_630_156.png","datePublished":"2023-10-16T11:06:13+00:00","dateModified":"2025-06-18T10:09:58+00:00","author":{"@id":"https:\/\/festesdecatalunya.com\/#\/schema\/person\/d957d5d8b9ffd8bd03aade6a3c37ffa6"},"breadcrumb":{"@id":"https:\/\/festesdecatalunya.com\/es\/primavera-en-familia-en-olot\/#breadcrumb"},"inLanguage":"es","potentialAction":[{"@type":"ReadAction","target":["https:\/\/festesdecatalunya.com\/es\/primavera-en-familia-en-olot\/"]}]},{"@type":"ImageObject","inLanguage":"es","@id":"https:\/\/festesdecatalunya.com\/es\/primavera-en-familia-en-olot\/#primaryimage","url":"https:\/\/festesdecatalunya.com\/wp-content\/uploads\/2023\/10\/110630_cat_ESCALA_INF_630_156.png","contentUrl":"https:\/\/festesdecatalunya.com\/wp-content\/uploads\/2023\/10\/110630_cat_ESCALA_INF_630_156.png","width":630,"height":156,"caption":"Agenda de fires i festes per a gaudir en fam\u00edlia."},{"@type":"BreadcrumbList","@id":"https:\/\/festesdecatalunya.com\/es\/primavera-en-familia-en-olot\/#breadcrumb","itemListElement":[{"@type":"ListItem","position":1,"name":"Inici","item":"https:\/\/festesdecatalunya.com\/es\/"},{"@type":"ListItem","position":2,"name":"Primavera en fam\u00edlia en Olot"}]},{"@type":"WebSite","@id":"https:\/\/festesdecatalunya.com\/#website","url":"https:\/\/festesdecatalunya.com\/","name":"Festa Catalunya","description":"Fires, Festes Turisme i Agenda a Catalunya","potentialAction":[{"@type":"SearchAction","target":{"@type":"EntryPoint","urlTemplate":"https:\/\/festesdecatalunya.com\/?s={search_term_string}"},"query-input":{"@type":"PropertyValueSpecification","valueRequired":true,"valueName":"search_term_string"}}],"inLanguage":"es"},{"@type":"Person","@id":"https:\/\/festesdecatalunya.com\/#\/schema\/person\/d957d5d8b9ffd8bd03aade6a3c37ffa6","name":"admin","image":{"@type":"ImageObject","inLanguage":"es","@id":"https:\/\/festesdecatalunya.com\/#\/schema\/person\/image\/","url":"https:\/\/secure.gravatar.com\/avatar\/3d8771e958295f415804336505f0c6faebfe16c066754f8f90e0b5a1023ffc77?s=96&d=mm&r=g","contentUrl":"https:\/\/secure.gravatar.com\/avatar\/3d8771e958295f415804336505f0c6faebfe16c066754f8f90e0b5a1023ffc77?s=96&d=mm&r=g","caption":"admin"},"sameAs":["https:\/\/festesdecatalunya.com"],"url":"https:\/\/festesdecatalunya.com\/es\/author\/angel_k0hlwyp5\/"}]}},"_links":{"self":[{"href":"https:\/\/festesdecatalunya.com\/es\/wp-json\/wp\/v2\/posts\/9133","targetHints":{"allow":["GET"]}}],"collection":[{"href":"https:\/\/festesdecatalunya.com\/es\/wp-json\/wp\/v2\/posts"}],"about":[{"href":"https:\/\/festesdecatalunya.com\/es\/wp-json\/wp\/v2\/types\/post"}],"author":[{"embeddable":true,"href":"https:\/\/festesdecatalunya.com\/es\/wp-json\/wp\/v2\/users\/1"}],"replies":[{"embeddable":true,"href":"https:\/\/festesdecatalunya.com\/es\/wp-json\/wp\/v2\/comments?post=9133"}],"version-history":[{"count":1,"href":"https:\/\/festesdecatalunya.com\/es\/wp-json\/wp\/v2\/posts\/9133\/revisions"}],"predecessor-version":[{"id":9134,"href":"https:\/\/festesdecatalunya.com\/es\/wp-json\/wp\/v2\/posts\/9133\/revisions\/9134"}],"wp:featuredmedia":[{"embeddable":true,"href":"https:\/\/festesdecatalunya.com\/es\/wp-json\/wp\/v2\/media\/9098"}],"wp:attachment":[{"href":"https:\/\/festesdecatalunya.com\/es\/wp-json\/wp\/v2\/media?parent=9133"}],"wp:term":[{"taxonomy":"post_tag","embeddable":true,"href":"https:\/\/festesdecatalunya.com\/es\/wp-json\/wp\/v2\/tags?post=9133"},{"taxonomy":"agenda_category","embeddable":true,"href":"https:\/\/festesdecatalunya.com\/es\/wp-json\/wp\/v2\/agenda_category?post=9133"}],"curies":[{"name":"wp","href":"https:\/\/api.w.org\/{rel}","templated":true}]}}